{"id":3538,"date":"2019-06-28T14:30:14","date_gmt":"2019-06-28T17:30:14","guid":{"rendered":"http:\/\/desdelapatagonia.uncoma.edu.ar\/?p=3538"},"modified":"2019-12-28T20:34:25","modified_gmt":"2019-12-28T23:34:25","slug":"desigualdad-social-y-territorialidad","status":"publish","type":"post","link":"https:\/\/desdelapatagonia.uncoma.edu.ar\/index.php\/desigualdad-social-y-territorialidad\/","title":{"rendered":"DESIGUALDAD SOCIAL Y TERRITORIALIDAD"},"content":{"rendered":"<h4 style=\"text-align: center;\"><img loading=\"lazy\" decoding=\"async\" class=\"alignnone wp-image-3539 size-large\" src=\"https:\/\/desdelapatagonia.uncoma.edu.ar\/wp-content\/uploads\/2019\/06\/4.-Revista-27-Nestares-1024x665.jpg\" alt=\"\" width=\"640\" height=\"416\" srcset=\"https:\/\/desdelapatagonia.uncoma.edu.ar\/wp-content\/uploads\/2019\/06\/4.-Revista-27-Nestares-1024x665.jpg 1024w, https:\/\/desdelapatagonia.uncoma.edu.ar\/wp-content\/uploads\/2019\/06\/4.-Revista-27-Nestares-300x195.jpg 300w, https:\/\/desdelapatagonia.uncoma.edu.ar\/wp-content\/uploads\/2019\/06\/4.-Revista-27-Nestares-768x499.jpg 768w, https:\/\/desdelapatagonia.uncoma.edu.ar\/wp-content\/uploads\/2019\/06\/4.-Revista-27-Nestares-416x270.jpg 416w\" sizes=\"(max-width: 640px) 100vw, 640px\" \/><\/h4>\n<h4 style=\"text-align: center;\">por Javier Nestares\u00b9<\/h4>\n<p><span style=\"font-weight: 400;\">En la \u00faltima d\u00e9cada del siglo XX Bariloche se vio atravesada por una escalada de violencia entre grupos de j\u00f3venes de algunos de sus barrios m\u00e1s pobres. Esto pasaba ante la mirada desconcertada y la opini\u00f3n f\u00e1cil de los habitantes del sector acomodado del reconocido centro tur\u00edstico argentino, los cuales mayormente s\u00f3lo conoc\u00edan los acontecimientos a trav\u00e9s de medios de comunicaci\u00f3n de \u00edndole local, regional y nacional. Son puntualmente \u00e9stas miradas las que nos servir\u00e1n para pensar la desigualdad e inequidad como creadoras y reproductoras de imaginarios sociales<\/span><\/p>\n<p class=\"keywords\"><strong>Palabras clave<\/strong>: <span style=\"font-weight: 400;\">Bariloche, marginalidad, sectores populares, patotas<\/span><br \/>\n<strong>Keywords<\/strong>: Bariloche, marginality, popular sectors , gangs<\/p>\n<p>\u00b9Centro de Capacitaci\u00f3n T\u00e9cnica N\u00b01 (CCT N\u00b01), Consejo Provincial de Educaci\u00f3n de la Provincia de R\u00edo Negro, Bariloche, Argentina.<\/p>\n<p>Recibido: 10\/12\/2018. Aceptado: 11\/05\/2019.<\/p>\n<p><span style=\"font-weight: 400;\">Contacto:<\/span> <a href=\"mailto:javiernestares@gmail.com\"><span style=\"font-weight: 300;\">javiernestares@gmail.com<\/span><\/a><\/p>\n<p>Modo de citar este art\u00edculo:<br \/>\nNestares J. (2019). Desigualdad social y territorialidad. Desde la Patagonia, Difundiendo Saberes, 16 (27): 20\u201325.<\/p>\n<h4 style=\"text-align: right;\"><a href=\"https:\/\/desdelapatagonia.uncoma.edu.ar\/wp-content\/uploads\/2019\/06\/4.-Revista-27_NESTARES.pdf\"><span style=\"color: #3366ff;\">Leer&nbsp;art\u00edculo completo&nbsp;&nbsp;&nbsp;&nbsp;<img loading=\"lazy\" decoding=\"async\" class=\"alignnone wp-image-221 size-full\" src=\"https:\/\/desdelapatagonia.uncoma.edu.ar\/wp-content\/uploads\/2016\/06\/pdf_imagen.jpg\" alt=\"\" width=\"37\" height=\"37\"><\/span><\/a><\/h4>\n","protected":false},"excerpt":{"rendered":"<p>por Javier Nestares\u00b9 En la \u00faltima d\u00e9cada del siglo XX Bariloche se vio atravesada por una escalada de violencia entre grupos de j\u00f3venes de algunos de sus barrios m\u00e1s pobres. Esto pasaba ante la mirada desconcertada y la opini\u00f3n f\u00e1cil de los habitantes del sector acomodado del reconocido centro tur\u00edstico argentino, los cuales mayormente s\u00f3lo conoc\u00edan los acontecimientos a trav\u00e9s de medios de comunicaci\u00f3n de \u00edndole local, regional y nacional. Son puntualmente \u00e9stas miradas las que nos servir\u00e1n para pensar&#8230;<\/p>\n<p class=\"read-more\"><a class=\"btn btn-default\" href=\"https:\/\/desdelapatagonia.uncoma.edu.ar\/index.php\/desigualdad-social-y-territorialidad\/\"> Read More<span class=\"screen-reader-text\">  Read More<\/span><\/a><\/p>\n","protected":false},"author":1,"featured_media":0,"comment_status":"open","ping_status":"open","sticky":false,"template":"","format":"standard","meta":{"_monsterinsights_skip_tracking":false,"_monsterinsights_sitenote_active":false,"_monsterinsights_sitenote_note":"","_monsterinsights_sitenote_category":0,"footnotes":""},"categories":[902],"tags":[517,935,934,907,936,938,140,906,929,905,937,903],"aioseo_notices":[],"_links":{"self":[{"href":"https:\/\/desdelapatagonia.uncoma.edu.ar\/index.php\/wp-json\/wp\/v2\/posts\/3538"}],"collection":[{"href":"https:\/\/desdelapatagonia.uncoma.edu.ar\/index.php\/wp-json\/wp\/v2\/posts"}],"about":[{"href":"https:\/\/desdelapatagonia.uncoma.edu.ar\/index.php\/wp-json\/wp\/v2\/types\/post"}],"author":[{"embeddable":true,"href":"https:\/\/desdelapatagonia.uncoma.edu.ar\/index.php\/wp-json\/wp\/v2\/users\/1"}],"replies":[{"embeddable":true,"href":"https:\/\/desdelapatagonia.uncoma.edu.ar\/index.php\/wp-json\/wp\/v2\/comments?post=3538"}],"version-history":[{"count":6,"href":"https:\/\/desdelapatagonia.uncoma.edu.ar\/index.php\/wp-json\/wp\/v2\/posts\/3538\/revisions"}],"predecessor-version":[{"id":4427,"href":"https:\/\/desdelapatagonia.uncoma.edu.ar\/index.php\/wp-json\/wp\/v2\/posts\/3538\/revisions\/4427"}],"wp:attachment":[{"href":"https:\/\/desdelapatagonia.uncoma.edu.ar\/index.php\/wp-json\/wp\/v2\/media?parent=3538"}],"wp:term":[{"taxonomy":"category","embeddable":true,"href":"https:\/\/desdelapatagonia.uncoma.edu.ar\/index.php\/wp-json\/wp\/v2\/categories?post=3538"},{"taxonomy":"post_tag","embeddable":true,"href":"https:\/\/desdelapatagonia.uncoma.edu.ar\/index.php\/wp-json\/wp\/v2\/tags?post=3538"}],"curies":[{"name":"wp","href":"https:\/\/api.w.org\/{rel}","templated":true}]}}