{"id":3116,"date":"2019-01-07T00:35:31","date_gmt":"2019-01-07T03:35:31","guid":{"rendered":"http:\/\/desdelapatagonia.uncoma.edu.ar\/?p=3116"},"modified":"2019-01-07T17:55:30","modified_gmt":"2019-01-07T20:55:30","slug":"charlas-de-cafe-cafes-cientificos-2013","status":"publish","type":"post","link":"https:\/\/desdelapatagonia.uncoma.edu.ar\/index.php\/charlas-de-cafe-cafes-cientificos-2013\/","title":{"rendered":"CHARLAS DE CAF\u00c9"},"content":{"rendered":"<h4 style=\"text-align: center;\"><img loading=\"lazy\" decoding=\"async\" class=\"alignnone wp-image-3118\" src=\"https:\/\/desdelapatagonia.uncoma.edu.ar\/wp-content\/uploads\/2019\/01\/8.-Perez-cafes-cientificos-201x300.jpg\" alt=\"\" width=\"234\" height=\"350\" srcset=\"https:\/\/desdelapatagonia.uncoma.edu.ar\/wp-content\/uploads\/2019\/01\/8.-Perez-cafes-cientificos-201x300.jpg 201w, https:\/\/desdelapatagonia.uncoma.edu.ar\/wp-content\/uploads\/2019\/01\/8.-Perez-cafes-cientificos-685x1024.jpg 685w, https:\/\/desdelapatagonia.uncoma.edu.ar\/wp-content\/uploads\/2019\/01\/8.-Perez-cafes-cientificos-181x270.jpg 181w, https:\/\/desdelapatagonia.uncoma.edu.ar\/wp-content\/uploads\/2019\/01\/8.-Perez-cafes-cientificos.jpg 692w\" sizes=\"(max-width: 234px) 100vw, 234px\" \/><\/h4>\n<h4 style=\"text-align: center;\">Rese\u00f1a realizada por Patricia P\u00e9rez<\/h4>\n<p>Las \u201cCharlas de Caf\u00e9s Cient\u00edficos\u201d organizadas por el Centro At\u00f3mico Bariloche y el Instituto Balseiro surgieron en 2005 siguiendo la propuesta de la organizaci\u00f3n internacional Caf\u00e9 Scientifique con el objetivo de la divulgaci\u00f3n del conocimiento cient\u00edfico alentando la interacci\u00f3n con el p\u00fablico en general. En este libro, los coordinadores Juana Gervasoni y Hugo Corso recopilan los encuentros realizados durante el a\u00f1o 2013. Cada una de las charlas fue presentada por especialistas que, desde disciplinas como la f\u00edsica, la medicina, la filosof\u00eda y la teolog\u00eda, nos presentan su visi\u00f3n del mundo y de la ciencia.<\/p>\n<p>Contacto: <a href=\"mailto:perezfotolab@gmail.com\">perezfotolab@gmail.com<\/a><\/p>\n<h4 style=\"text-align: right;\"><a href=\"https:\/\/desdelapatagonia.uncoma.edu.ar\/wp-content\/uploads\/2019\/01\/8.-Revista-N19_Perez-Resena-Cafes-cientificos.pdf\"><span style=\"color: #3366ff;\">Leer rese\u00f1a completa\u00a0 \u00a0\u00a0<img loading=\"lazy\" decoding=\"async\" class=\"alignnone wp-image-221 size-full\" src=\"https:\/\/desdelapatagonia.uncoma.edu.ar\/wp-content\/uploads\/2016\/06\/pdf_imagen.jpg\" alt=\"\" width=\"37\" height=\"37\" \/><\/span><\/a><\/h4>\n","protected":false},"excerpt":{"rendered":"<p>Rese\u00f1a realizada por Patricia P\u00e9rez Las \u201cCharlas de Caf\u00e9s Cient\u00edficos\u201d organizadas por el Centro At\u00f3mico Bariloche y el Instituto Balseiro surgieron en 2005 siguiendo la propuesta de la organizaci\u00f3n internacional Caf\u00e9 Scientifique con el objetivo de la divulgaci\u00f3n del conocimiento cient\u00edfico alentando la interacci\u00f3n con el p\u00fablico en general. En este libro, los coordinadores Juana Gervasoni y Hugo Corso recopilan los encuentros realizados durante el a\u00f1o 2013. Cada una de las charlas fue presentada por especialistas que, desde disciplinas como&#8230;<\/p>\n<p class=\"read-more\"><a class=\"btn btn-default\" href=\"https:\/\/desdelapatagonia.uncoma.edu.ar\/index.php\/charlas-de-cafe-cafes-cientificos-2013\/\"> Read More<span class=\"screen-reader-text\">  Read More<\/span><\/a><\/p>\n","protected":false},"author":1,"featured_media":0,"comment_status":"open","ping_status":"open","sticky":false,"template":"","format":"standard","meta":{"_monsterinsights_skip_tracking":false,"_monsterinsights_sitenote_active":false,"_monsterinsights_sitenote_note":"","_monsterinsights_sitenote_category":0,"footnotes":""},"categories":[9],"tags":[889,380,490,130,124],"aioseo_notices":[],"_links":{"self":[{"href":"https:\/\/desdelapatagonia.uncoma.edu.ar\/index.php\/wp-json\/wp\/v2\/posts\/3116"}],"collection":[{"href":"https:\/\/desdelapatagonia.uncoma.edu.ar\/index.php\/wp-json\/wp\/v2\/posts"}],"about":[{"href":"https:\/\/desdelapatagonia.uncoma.edu.ar\/index.php\/wp-json\/wp\/v2\/types\/post"}],"author":[{"embeddable":true,"href":"https:\/\/desdelapatagonia.uncoma.edu.ar\/index.php\/wp-json\/wp\/v2\/users\/1"}],"replies":[{"embeddable":true,"href":"https:\/\/desdelapatagonia.uncoma.edu.ar\/index.php\/wp-json\/wp\/v2\/comments?post=3116"}],"version-history":[{"count":4,"href":"https:\/\/desdelapatagonia.uncoma.edu.ar\/index.php\/wp-json\/wp\/v2\/posts\/3116\/revisions"}],"predecessor-version":[{"id":3268,"href":"https:\/\/desdelapatagonia.uncoma.edu.ar\/index.php\/wp-json\/wp\/v2\/posts\/3116\/revisions\/3268"}],"wp:attachment":[{"href":"https:\/\/desdelapatagonia.uncoma.edu.ar\/index.php\/wp-json\/wp\/v2\/media?parent=3116"}],"wp:term":[{"taxonomy":"category","embeddable":true,"href":"https:\/\/desdelapatagonia.uncoma.edu.ar\/index.php\/wp-json\/wp\/v2\/categories?post=3116"},{"taxonomy":"post_tag","embeddable":true,"href":"https:\/\/desdelapatagonia.uncoma.edu.ar\/index.php\/wp-json\/wp\/v2\/tags?post=3116"}],"curies":[{"name":"wp","href":"https:\/\/api.w.org\/{rel}","templated":true}]}}